{"id":4903,"date":"2019-10-16T08:22:23","date_gmt":"2019-10-16T08:22:23","guid":{"rendered":"https:\/\/krakow.bankizywnosci.pl\/?p=4903"},"modified":"2019-10-28T10:48:09","modified_gmt":"2019-10-28T10:48:09","slug":"swiatowy-dzien-zywnosci","status":"publish","type":"post","link":"https:\/\/krakow.bankizywnosci.pl\/?p=4903","title":{"rendered":"\u015awiatowy Dzie\u0144 \u017bywno\u015bci"},"content":{"rendered":"\n<p><strong>16 pa\u017adziernika to wyj\u0105tkowy dzie\u0144. Obchodzimy wtedy dwa wa\u017cne \u015bwi\u0119ta: \u015awiatowy Dzie\u0144 \u017bywno\u015bci oraz \u015awiatowy Dzie\u0144 Chleba.  <\/strong><\/p>\n\n\n\n<figure class=\"wp-block-image\"><img loading=\"lazy\" width=\"940\" height=\"788\" src=\"https:\/\/krakow.bankizywnosci.pl\/wp-content\/uploads\/2019\/10\/\u015awiatowy-Dzie\u0144-\u017bywno\u015bci-3.png\" alt=\"\" class=\"wp-image-4905\" srcset=\"https:\/\/krakow.bankizywnosci.pl\/wp-content\/uploads\/2019\/10\/\u015awiatowy-Dzie\u0144-\u017bywno\u015bci-3.png 940w, https:\/\/krakow.bankizywnosci.pl\/wp-content\/uploads\/2019\/10\/\u015awiatowy-Dzie\u0144-\u017bywno\u015bci-3-300x251.png 300w, https:\/\/krakow.bankizywnosci.pl\/wp-content\/uploads\/2019\/10\/\u015awiatowy-Dzie\u0144-\u017bywno\u015bci-3-768x644.png 768w, https:\/\/krakow.bankizywnosci.pl\/wp-content\/uploads\/2019\/10\/\u015awiatowy-Dzie\u0144-\u017bywno\u015bci-3-560x469.png 560w, https:\/\/krakow.bankizywnosci.pl\/wp-content\/uploads\/2019\/10\/\u015awiatowy-Dzie\u0144-\u017bywno\u015bci-3-400x335.png 400w, https:\/\/krakow.bankizywnosci.pl\/wp-content\/uploads\/2019\/10\/\u015awiatowy-Dzie\u0144-\u017bywno\u015bci-3-900x754.png 900w, https:\/\/krakow.bankizywnosci.pl\/wp-content\/uploads\/2019\/10\/\u015awiatowy-Dzie\u0144-\u017bywno\u015bci-3-358x300.png 358w, https:\/\/krakow.bankizywnosci.pl\/wp-content\/uploads\/2019\/10\/\u015awiatowy-Dzie\u0144-\u017bywno\u015bci-3-805x675.png 805w\" sizes=\"(max-width: 940px) 100vw, 940px\" \/><\/figure>\n\n\n\n<p>\u015awiatowy Dzie\u0144 \u017bywno\u015bci to \u015bwi\u0119to ustanowione przez Organizacj\u0119 Narod\u00f3w Zjednoczonych do spraw Wy\u017cywienia i Rolnictwa w 1979 roku, upami\u0119tniaj\u0105ce powstanie tej organizacji w 1945 roku.<\/p>\n\n\n\n<p> Jest obchodzone corocznie, na ca\u0142ym \u015bwiecie, w dniu 16 pa\u017adziernika. Jego celem jest&nbsp;<strong>pog\u0142\u0119bianie \u015bwiadomo\u015bci opinii&nbsp;publicznej na temat globalnych problem\u00f3w \u017cywno\u015bciowych i wzmocnienie poczucia solidarno\u015bci w walce z g\u0142odem i niedo\u017cywieniem.<\/strong><\/p>\n\n\n\n<p>  To w\u0142a\u015bnie w tym dniu Banki \u017bywno\u015bci podejmuj\u0105 szereg zintensyfikowanych dzia\u0142a\u0144, maj\u0105cych na celu zwr\u00f3cenie uwagi na paradoks zwi\u0105zany z tym, \u017ce w naszym kraju problem niedo\u017cywienia ci\u0105gle dotyczy ponad kilku milion\u00f3w ludzi \u017cyj\u0105cych w ub\u00f3stwie, podczas gdy jednocze\u015bnie jeste\u015bmy w europejskiej czo\u0142\u00f3wce, je\u015bli chodzi o marnowanie \u017cywno\u015bci. <\/p>\n\n\n\n<p><strong>\u015awiatowy Dzie\u0144 Chleba<\/strong> to drugie, wa\u017cne \u015bwi\u0119to, kt\u00f3re obchodzimy 16 pa\u017adziernika.  Zosta\u0142 on ustanowiony  przez Mi\u0119dzynarodowy Zwi\u0105zek Piekarzy i Cukiernik\u00f3w.  Chleb od tysi\u0119cy lat jest podstawowym elementem posi\u0142k\u00f3w ludzko\u015bci, ale i spe\u0142nia r\u00f3wnie\u017c wa\u017cn\u0105 funkcj\u0119 w obrz\u0119dach wielu kultur. <\/p>\n\n\n\n<figure class=\"wp-block-image\"><img loading=\"lazy\" width=\"626\" height=\"417\" src=\"https:\/\/krakow.bankizywnosci.pl\/wp-content\/uploads\/2019\/10\/widok-z-przodu-chleba-i-pszenicy-na-mace_23-2148288107.jpg\" alt=\"\" class=\"wp-image-4906\" srcset=\"https:\/\/krakow.bankizywnosci.pl\/wp-content\/uploads\/2019\/10\/widok-z-przodu-chleba-i-pszenicy-na-mace_23-2148288107.jpg 626w, https:\/\/krakow.bankizywnosci.pl\/wp-content\/uploads\/2019\/10\/widok-z-przodu-chleba-i-pszenicy-na-mace_23-2148288107-300x200.jpg 300w, https:\/\/krakow.bankizywnosci.pl\/wp-content\/uploads\/2019\/10\/widok-z-przodu-chleba-i-pszenicy-na-mace_23-2148288107-560x373.jpg 560w, https:\/\/krakow.bankizywnosci.pl\/wp-content\/uploads\/2019\/10\/widok-z-przodu-chleba-i-pszenicy-na-mace_23-2148288107-400x266.jpg 400w, https:\/\/krakow.bankizywnosci.pl\/wp-content\/uploads\/2019\/10\/widok-z-przodu-chleba-i-pszenicy-na-mace_23-2148288107-450x300.jpg 450w\" sizes=\"(max-width: 626px) 100vw, 626px\" \/><\/figure>\n\n\n\n<p> Niestety chleb to tak\u017ce produkt, kt\u00f3ry marnujemy najcz\u0119\u015bciej. Badania pokazuj\u0105, i\u017c prawie po\u0142owa Polak\u00f3w wyrzuca chleb do kosza. <\/p>\n\n\n\n<p>Dlatego szczeg\u00f3lnie dzi\u015b chcemy apelowa\u0107 o szacunek do \u017cywno\u015bci, szacunek do chleba. Pami\u0119tajcie, \u017ce nawet je\u015bli kupicie go za du\u017co, mo\u017cecie zrobi\u0107 z niego jeszcze wiele, smacznych da\u0144 \ud83d\ude42<\/p>\n\n\n\n<h3>Jak wykorzysta\u0107 nadmiar pieczywa?<\/h3>\n\n\n\n<ul><li>Je\u015bli zdarzy Ci si\u0119 kupi\u0107 za du\u017co pieczywa, od raz pokr\u00f3j go w kromki i zamro\u017a. <\/li><li>Czerstwe pieczywo zmiel na bu\u0142k\u0119 tart\u0105.<\/li><li>Zr\u00f3b z niego grzanki &#8211; idealnie sprawdz\u0105 si\u0119 do zup.<\/li><li>Wykorzystaj chleb do&nbsp;zag\u0119szczania zup i&nbsp;sos\u00f3w &#8211; zamiast m\u0105ki, \u015bmietany czy zasma\u017cki po prostu dodaj rozdrobniony chleb bez sk\u00f3rki do&nbsp;sosu lub zupy i&nbsp;doprowad\u017a do&nbsp;wrzenia. Ca\u0142y czas mieszaj, by nie dopu\u015bci\u0107 do&nbsp;przypalenia.<\/li><li>Z czerstwego chleba mo\u017cesz przygotowa\u0107 ciasto, zapiekank\u0119, knedle a nawet pizz\u0119 \ud83d\ude42 Poszukaj kulinarnych inspiracji, eksperymentuj w kuchni.<\/li><\/ul>\n\n\n\n<p>Czekamy r\u00f3wnie\u017c na Wasze propozycje \ud83d\ude42 Podzielcie si\u0119 z nami swoimi sposobami na niemarnowanie \u017cywno\u015bci i niemarnowanie pieczywa \ud83d\ude42<\/p>\n\n\n\n<p><\/p>\n","protected":false},"excerpt":{"rendered":"<p>16 pa\u017adziernika to wyj\u0105tkowy dzie\u0144. Obchodzimy wtedy dwa wa\u017cne \u015bwi\u0119ta: \u015awiatowy Dzie\u0144 \u017bywno\u015bci oraz \u015awiatowy Dzie\u0144 Chleba. \u015awiatowy Dzie\u0144 \u017bywno\u015bci to \u015bwi\u0119to ustanowione przez Organizacj\u0119 Narod\u00f3w Zjednoczonych do spraw Wy\u017cywienia i Rolnictwa w 1979 roku, upami\u0119tniaj\u0105ce powstanie tej organizacji w 1945 roku. Jest obchodzone corocznie, na ca\u0142ym \u015bwiecie, w dniu 16 pa\u017adziernika. Jego celem jest&nbsp;pog\u0142\u0119bianie &hellip;<\/p>\n","protected":false},"author":1,"featured_media":4904,"comment_status":"closed","ping_status":"open","sticky":false,"template":"","format":"standard","meta":{"_mi_skip_tracking":false},"categories":[1,2],"tags":[],"yoast_head":"<!-- This site is optimized with the Yoast SEO plugin v19.7.2 - https:\/\/yoast.com\/wordpress\/plugins\/seo\/ -->\n<title>\u015awiatowy Dzie\u0144 \u017bywno\u015bci - Bank \u017bywno\u015bci w Krakowie<\/title>\n<meta name=\"robots\" content=\"index, follow, max-snippet:-1, max-image-preview:large, max-video-preview:-1\" \/>\n<link rel=\"canonical\" href=\"https:\/\/krakow.bankizywnosci.pl\/?p=4903\" \/>\n<meta property=\"og:locale\" content=\"pl_PL\" \/>\n<meta property=\"og:type\" content=\"article\" \/>\n<meta property=\"og:title\" content=\"\u015awiatowy Dzie\u0144 \u017bywno\u015bci - Bank \u017bywno\u015bci w Krakowie\" \/>\n<meta property=\"og:description\" content=\"16 pa\u017adziernika to wyj\u0105tkowy dzie\u0144. Obchodzimy wtedy dwa wa\u017cne \u015bwi\u0119ta: \u015awiatowy Dzie\u0144 \u017bywno\u015bci oraz \u015awiatowy Dzie\u0144 Chleba. \u015awiatowy Dzie\u0144 \u017bywno\u015bci to \u015bwi\u0119to ustanowione przez Organizacj\u0119 Narod\u00f3w Zjednoczonych do spraw Wy\u017cywienia i Rolnictwa w 1979 roku, upami\u0119tniaj\u0105ce powstanie tej organizacji w 1945 roku. Jest obchodzone corocznie, na ca\u0142ym \u015bwiecie, w dniu 16 pa\u017adziernika. Jego celem jest&nbsp;pog\u0142\u0119bianie &hellip;\" \/>\n<meta property=\"og:url\" content=\"https:\/\/krakow.bankizywnosci.pl\/?p=4903\" \/>\n<meta property=\"og:site_name\" content=\"Bank \u017bywno\u015bci w Krakowie\" \/>\n<meta property=\"article:publisher\" content=\"https:\/\/www.facebook.com\/bzkrk\" \/>\n<meta property=\"article:published_time\" content=\"2019-10-16T08:22:23+00:00\" \/>\n<meta property=\"article:modified_time\" content=\"2019-10-28T10:48:09+00:00\" \/>\n<meta property=\"og:image\" content=\"https:\/\/krakow.bankizywnosci.pl\/wp-content\/uploads\/2019\/10\/\u015awi\u0105teczna-Zbi\u00f3rka-\u017cywno\u015bci_tytu\u0142-1.png\" \/>\n\t<meta property=\"og:image:width\" content=\"800\" \/>\n\t<meta property=\"og:image:height\" content=\"800\" \/>\n\t<meta property=\"og:image:type\" content=\"image\/png\" \/>\n<meta name=\"author\" content=\"admin\" \/>\n<meta name=\"twitter:card\" content=\"summary_large_image\" \/>\n<meta name=\"twitter:label1\" content=\"Napisane przez\" \/>\n\t<meta name=\"twitter:data1\" content=\"admin\" \/>\n\t<meta name=\"twitter:label2\" content=\"Szacowany czas czytania\" \/>\n\t<meta name=\"twitter:data2\" content=\"2 minuty\" \/>\n<script type=\"application\/ld+json\" class=\"yoast-schema-graph\">{\"@context\":\"https:\/\/schema.org\",\"@graph\":[{\"@type\":\"Article\",\"@id\":\"https:\/\/krakow.bankizywnosci.pl\/?p=4903#article\",\"isPartOf\":{\"@id\":\"https:\/\/krakow.bankizywnosci.pl\/?p=4903\"},\"author\":{\"name\":\"admin\",\"@id\":\"https:\/\/krakow.bankizywnosci.pl\/#\/schema\/person\/0818b0f0938592b7e5c4724b008ef748\"},\"headline\":\"\u015awiatowy Dzie\u0144 \u017bywno\u015bci\",\"datePublished\":\"2019-10-16T08:22:23+00:00\",\"dateModified\":\"2019-10-28T10:48:09+00:00\",\"mainEntityOfPage\":{\"@id\":\"https:\/\/krakow.bankizywnosci.pl\/?p=4903\"},\"wordCount\":398,\"publisher\":{\"@id\":\"https:\/\/krakow.bankizywnosci.pl\/#organization\"},\"articleSection\":[\"Aktualno\u015bci\",\"Niemarnowanie\"],\"inLanguage\":\"pl-PL\"},{\"@type\":\"WebPage\",\"@id\":\"https:\/\/krakow.bankizywnosci.pl\/?p=4903\",\"url\":\"https:\/\/krakow.bankizywnosci.pl\/?p=4903\",\"name\":\"\u015awiatowy Dzie\u0144 \u017bywno\u015bci - Bank \u017bywno\u015bci w Krakowie\",\"isPartOf\":{\"@id\":\"https:\/\/krakow.bankizywnosci.pl\/#website\"},\"datePublished\":\"2019-10-16T08:22:23+00:00\",\"dateModified\":\"2019-10-28T10:48:09+00:00\",\"breadcrumb\":{\"@id\":\"https:\/\/krakow.bankizywnosci.pl\/?p=4903#breadcrumb\"},\"inLanguage\":\"pl-PL\",\"potentialAction\":[{\"@type\":\"ReadAction\",\"target\":[\"https:\/\/krakow.bankizywnosci.pl\/?p=4903\"]}]},{\"@type\":\"BreadcrumbList\",\"@id\":\"https:\/\/krakow.bankizywnosci.pl\/?p=4903#breadcrumb\",\"itemListElement\":[{\"@type\":\"ListItem\",\"position\":1,\"name\":\"Strona g\u0142\u00f3wna\",\"item\":\"https:\/\/krakow.bankizywnosci.pl\/\"},{\"@type\":\"ListItem\",\"position\":2,\"name\":\"\u015awiatowy Dzie\u0144 \u017bywno\u015bci\"}]},{\"@type\":\"WebSite\",\"@id\":\"https:\/\/krakow.bankizywnosci.pl\/#website\",\"url\":\"https:\/\/krakow.bankizywnosci.pl\/\",\"name\":\"Bank \u017bywno\u015bci w Krakowie\",\"description\":\"\",\"publisher\":{\"@id\":\"https:\/\/krakow.bankizywnosci.pl\/#organization\"},\"potentialAction\":[{\"@type\":\"SearchAction\",\"target\":{\"@type\":\"EntryPoint\",\"urlTemplate\":\"https:\/\/krakow.bankizywnosci.pl\/?s={search_term_string}\"},\"query-input\":\"required name=search_term_string\"}],\"inLanguage\":\"pl-PL\"},{\"@type\":\"Organization\",\"@id\":\"https:\/\/krakow.bankizywnosci.pl\/#organization\",\"name\":\"Bank \u017bywno\u015bci w Krakowie\",\"url\":\"https:\/\/krakow.bankizywnosci.pl\/\",\"sameAs\":[\"https:\/\/www.linkedin.com\/company\/bank-ywnoci-w-krakowie\/\",\"https:\/\/www.instagram.com\/bankzywnosciwkrakowie\/\",\"https:\/\/www.youtube.com\/@bankzywnosciwkrakowie\",\"https:\/\/www.facebook.com\/bzkrk\"],\"logo\":{\"@type\":\"ImageObject\",\"inLanguage\":\"pl-PL\",\"@id\":\"https:\/\/krakow.bankizywnosci.pl\/#\/schema\/logo\/image\/\",\"url\":\"https:\/\/krakow.bankizywnosci.pl\/wp-content\/uploads\/2018\/02\/logo_200.png\",\"contentUrl\":\"https:\/\/krakow.bankizywnosci.pl\/wp-content\/uploads\/2018\/02\/logo_200.png\",\"width\":200,\"height\":50,\"caption\":\"Bank \u017bywno\u015bci w Krakowie\"},\"image\":{\"@id\":\"https:\/\/krakow.bankizywnosci.pl\/#\/schema\/logo\/image\/\"}},{\"@type\":\"Person\",\"@id\":\"https:\/\/krakow.bankizywnosci.pl\/#\/schema\/person\/0818b0f0938592b7e5c4724b008ef748\",\"name\":\"admin\",\"image\":{\"@type\":\"ImageObject\",\"inLanguage\":\"pl-PL\",\"@id\":\"https:\/\/krakow.bankizywnosci.pl\/#\/schema\/person\/image\/\",\"url\":\"https:\/\/secure.gravatar.com\/avatar\/772121152a682808cf701b7093e1edbf?s=96&d=mm&r=g\",\"contentUrl\":\"https:\/\/secure.gravatar.com\/avatar\/772121152a682808cf701b7093e1edbf?s=96&d=mm&r=g\",\"caption\":\"admin\"},\"url\":\"https:\/\/krakow.bankizywnosci.pl\/?author=1\"}]}<\/script>\n<!-- \/ Yoast SEO plugin. -->","yoast_head_json":{"title":"\u015awiatowy Dzie\u0144 \u017bywno\u015bci - Bank \u017bywno\u015bci w Krakowie","robots":{"index":"index","follow":"follow","max-snippet":"max-snippet:-1","max-image-preview":"max-image-preview:large","max-video-preview":"max-video-preview:-1"},"canonical":"https:\/\/krakow.bankizywnosci.pl\/?p=4903","og_locale":"pl_PL","og_type":"article","og_title":"\u015awiatowy Dzie\u0144 \u017bywno\u015bci - Bank \u017bywno\u015bci w Krakowie","og_description":"16 pa\u017adziernika to wyj\u0105tkowy dzie\u0144. Obchodzimy wtedy dwa wa\u017cne \u015bwi\u0119ta: \u015awiatowy Dzie\u0144 \u017bywno\u015bci oraz \u015awiatowy Dzie\u0144 Chleba. \u015awiatowy Dzie\u0144 \u017bywno\u015bci to \u015bwi\u0119to ustanowione przez Organizacj\u0119 Narod\u00f3w Zjednoczonych do spraw Wy\u017cywienia i Rolnictwa w 1979 roku, upami\u0119tniaj\u0105ce powstanie tej organizacji w 1945 roku. Jest obchodzone corocznie, na ca\u0142ym \u015bwiecie, w dniu 16 pa\u017adziernika. Jego celem jest&nbsp;pog\u0142\u0119bianie &hellip;","og_url":"https:\/\/krakow.bankizywnosci.pl\/?p=4903","og_site_name":"Bank \u017bywno\u015bci w Krakowie","article_publisher":"https:\/\/www.facebook.com\/bzkrk","article_published_time":"2019-10-16T08:22:23+00:00","article_modified_time":"2019-10-28T10:48:09+00:00","og_image":[{"width":800,"height":800,"url":"https:\/\/krakow.bankizywnosci.pl\/wp-content\/uploads\/2019\/10\/\u015awi\u0105teczna-Zbi\u00f3rka-\u017cywno\u015bci_tytu\u0142-1.png","type":"image\/png"}],"author":"admin","twitter_card":"summary_large_image","twitter_misc":{"Napisane przez":"admin","Szacowany czas czytania":"2 minuty"},"schema":{"@context":"https:\/\/schema.org","@graph":[{"@type":"Article","@id":"https:\/\/krakow.bankizywnosci.pl\/?p=4903#article","isPartOf":{"@id":"https:\/\/krakow.bankizywnosci.pl\/?p=4903"},"author":{"name":"admin","@id":"https:\/\/krakow.bankizywnosci.pl\/#\/schema\/person\/0818b0f0938592b7e5c4724b008ef748"},"headline":"\u015awiatowy Dzie\u0144 \u017bywno\u015bci","datePublished":"2019-10-16T08:22:23+00:00","dateModified":"2019-10-28T10:48:09+00:00","mainEntityOfPage":{"@id":"https:\/\/krakow.bankizywnosci.pl\/?p=4903"},"wordCount":398,"publisher":{"@id":"https:\/\/krakow.bankizywnosci.pl\/#organization"},"articleSection":["Aktualno\u015bci","Niemarnowanie"],"inLanguage":"pl-PL"},{"@type":"WebPage","@id":"https:\/\/krakow.bankizywnosci.pl\/?p=4903","url":"https:\/\/krakow.bankizywnosci.pl\/?p=4903","name":"\u015awiatowy Dzie\u0144 \u017bywno\u015bci - Bank \u017bywno\u015bci w Krakowie","isPartOf":{"@id":"https:\/\/krakow.bankizywnosci.pl\/#website"},"datePublished":"2019-10-16T08:22:23+00:00","dateModified":"2019-10-28T10:48:09+00:00","breadcrumb":{"@id":"https:\/\/krakow.bankizywnosci.pl\/?p=4903#breadcrumb"},"inLanguage":"pl-PL","potentialAction":[{"@type":"ReadAction","target":["https:\/\/krakow.bankizywnosci.pl\/?p=4903"]}]},{"@type":"BreadcrumbList","@id":"https:\/\/krakow.bankizywnosci.pl\/?p=4903#breadcrumb","itemListElement":[{"@type":"ListItem","position":1,"name":"Strona g\u0142\u00f3wna","item":"https:\/\/krakow.bankizywnosci.pl\/"},{"@type":"ListItem","position":2,"name":"\u015awiatowy Dzie\u0144 \u017bywno\u015bci"}]},{"@type":"WebSite","@id":"https:\/\/krakow.bankizywnosci.pl\/#website","url":"https:\/\/krakow.bankizywnosci.pl\/","name":"Bank \u017bywno\u015bci w Krakowie","description":"","publisher":{"@id":"https:\/\/krakow.bankizywnosci.pl\/#organization"},"potentialAction":[{"@type":"SearchAction","target":{"@type":"EntryPoint","urlTemplate":"https:\/\/krakow.bankizywnosci.pl\/?s={search_term_string}"},"query-input":"required name=search_term_string"}],"inLanguage":"pl-PL"},{"@type":"Organization","@id":"https:\/\/krakow.bankizywnosci.pl\/#organization","name":"Bank \u017bywno\u015bci w Krakowie","url":"https:\/\/krakow.bankizywnosci.pl\/","sameAs":["https:\/\/www.linkedin.com\/company\/bank-ywnoci-w-krakowie\/","https:\/\/www.instagram.com\/bankzywnosciwkrakowie\/","https:\/\/www.youtube.com\/@bankzywnosciwkrakowie","https:\/\/www.facebook.com\/bzkrk"],"logo":{"@type":"ImageObject","inLanguage":"pl-PL","@id":"https:\/\/krakow.bankizywnosci.pl\/#\/schema\/logo\/image\/","url":"https:\/\/krakow.bankizywnosci.pl\/wp-content\/uploads\/2018\/02\/logo_200.png","contentUrl":"https:\/\/krakow.bankizywnosci.pl\/wp-content\/uploads\/2018\/02\/logo_200.png","width":200,"height":50,"caption":"Bank \u017bywno\u015bci w Krakowie"},"image":{"@id":"https:\/\/krakow.bankizywnosci.pl\/#\/schema\/logo\/image\/"}},{"@type":"Person","@id":"https:\/\/krakow.bankizywnosci.pl\/#\/schema\/person\/0818b0f0938592b7e5c4724b008ef748","name":"admin","image":{"@type":"ImageObject","inLanguage":"pl-PL","@id":"https:\/\/krakow.bankizywnosci.pl\/#\/schema\/person\/image\/","url":"https:\/\/secure.gravatar.com\/avatar\/772121152a682808cf701b7093e1edbf?s=96&d=mm&r=g","contentUrl":"https:\/\/secure.gravatar.com\/avatar\/772121152a682808cf701b7093e1edbf?s=96&d=mm&r=g","caption":"admin"},"url":"https:\/\/krakow.bankizywnosci.pl\/?author=1"}]}},"_links":{"self":[{"href":"https:\/\/krakow.bankizywnosci.pl\/index.php?rest_route=\/wp\/v2\/posts\/4903"}],"collection":[{"href":"https:\/\/krakow.bankizywnosci.pl\/index.php?rest_route=\/wp\/v2\/posts"}],"about":[{"href":"https:\/\/krakow.bankizywnosci.pl\/index.php?rest_route=\/wp\/v2\/types\/post"}],"author":[{"embeddable":true,"href":"https:\/\/krakow.bankizywnosci.pl\/index.php?rest_route=\/wp\/v2\/users\/1"}],"replies":[{"embeddable":true,"href":"https:\/\/krakow.bankizywnosci.pl\/index.php?rest_route=%2Fwp%2Fv2%2Fcomments&post=4903"}],"version-history":[{"count":3,"href":"https:\/\/krakow.bankizywnosci.pl\/index.php?rest_route=\/wp\/v2\/posts\/4903\/revisions"}],"predecessor-version":[{"id":4926,"href":"https:\/\/krakow.bankizywnosci.pl\/index.php?rest_route=\/wp\/v2\/posts\/4903\/revisions\/4926"}],"wp:featuredmedia":[{"embeddable":true,"href":"https:\/\/krakow.bankizywnosci.pl\/index.php?rest_route=\/wp\/v2\/media\/4904"}],"wp:attachment":[{"href":"https:\/\/krakow.bankizywnosci.pl\/index.php?rest_route=%2Fwp%2Fv2%2Fmedia&parent=4903"}],"wp:term":[{"taxonomy":"category","embeddable":true,"href":"https:\/\/krakow.bankizywnosci.pl\/index.php?rest_route=%2Fwp%2Fv2%2Fcategories&post=4903"},{"taxonomy":"post_tag","embeddable":true,"href":"https:\/\/krakow.bankizywnosci.pl\/index.php?rest_route=%2Fwp%2Fv2%2Ftags&post=4903"}],"curies":[{"name":"wp","href":"https:\/\/api.w.org\/{rel}","templated":true}]}}