{"id":7397,"date":"2025-12-11T09:04:30","date_gmt":"2025-12-11T09:04:30","guid":{"rendered":"https:\/\/krakow.bankizywnosci.pl\/?p=7397"},"modified":"2026-02-06T20:03:47","modified_gmt":"2026-02-06T20:03:47","slug":"raport-z-krakowskiej-zbiorki-zywnosci-2025","status":"publish","type":"post","link":"https:\/\/krakow.bankizywnosci.pl\/?p=7397","title":{"rendered":"Raport z Krakowskiej Zbi\u00f3rki \u017bywno\u015bci 2025"},"content":{"rendered":"\t\t<div data-elementor-type=\"wp-post\" data-elementor-id=\"7397\" class=\"elementor elementor-7397\">\n\t\t\t\t\t\t<div class=\"elementor-inner\">\n\t\t\t\t<div class=\"elementor-section-wrap\">\n\t\t\t\t\t\t\t\t\t<section class=\"elementor-section elementor-top-section elementor-element elementor-element-fec0d1b elementor-section-boxed elementor-section-height-default elementor-section-height-default\" data-id=\"fec0d1b\" data-element_type=\"section\">\n\t\t\t\t\t\t<div class=\"elementor-container elementor-column-gap-default\">\n\t\t\t\t\t\t\t<div class=\"elementor-row\">\n\t\t\t\t\t<div class=\"elementor-column elementor-col-100 elementor-top-column elementor-element elementor-element-11e0c9dc\" data-id=\"11e0c9dc\" data-element_type=\"column\">\n\t\t\t<div class=\"elementor-column-wrap elementor-element-populated\">\n\t\t\t\t\t\t\t<div class=\"elementor-widget-wrap\">\n\t\t\t\t\t\t<div class=\"elementor-element elementor-element-5aa951d elementor-widget elementor-widget-text-editor\" data-id=\"5aa951d\" data-element_type=\"widget\" data-widget_type=\"text-editor.default\">\n\t\t\t\t<div class=\"elementor-widget-container\">\n\t\t\t\t\t\t\t\t<div class=\"elementor-text-editor elementor-clearfix\">\n\t\t\t\tPi\u0105ta edycja Krakowskiej Zbi\u00f3rki \u017bywno\u015bci by\u0142a wyj\u0105tkowa zar\u00f3wno pod wzgl\u0119dem skali, jak i poziomu zaanga\u017cowania uczestnik\u00f3w. Przygotowania rozpocz\u0119\u0142y si\u0119 ju\u017c w sierpniu \u2014 obejmowa\u0142y &nbsp;dzia\u0142ania medialne, w kt\u00f3re w\u0142\u0105czy\u0142 si\u0119 Prezydent Miasta Krakowa, opracowanie harmonogramu, aktualizacj\u0119 identyfikacji wizualnej oraz przygotowanie procesu rejestracji dla nowych i powracaj\u0105cych instytucji.<p><!-- wp:paragraph --><\/p>\n<p><!-- \/wp:paragraph --><\/p>\n<p><!-- wp:paragraph --><\/p>\n<p>Po raz drugi wykorzystali\u015bmy usprawniony formularz rejestracyjny, kt\u00f3ry u\u0142atwi\u0142 zg\u0142aszanie uczestnik\u00f3w oraz gromadzenie informacji logistycznych. Dzi\u0119ki temu mo\u017cliwe by\u0142o sprawne zaplanowanie dostaw pakiet\u00f3w startowych i p\u00f3\u017aniejszych odbior\u00f3w \u017cywno\u015bci.<\/p>\n<p><!-- \/wp:paragraph --><\/p>\n<p><!-- wp:paragraph --><\/p>\n<p>Do akcji zg\u0142osi\u0142o si\u0119 finalnie <strong>82 uczestnik\u00f3w<\/strong>, co jest najwy\u017csz\u0105 liczb\u0105 w historii zbi\u00f3rki.<\/p>\n<p><!-- \/wp:paragraph --><\/p>\n<p><!-- wp:separator --><\/p>\n<hr class=\"wp-block-separator has-alpha-channel-opacity\">\n<p><!-- \/wp:separator --><\/p>\n<p><!-- wp:paragraph --><\/p>\n<p><strong>2. Rejestracja uczestnik\u00f3w<\/strong><\/p>\n<p><!-- \/wp:paragraph --><\/p>\n<p><!-- wp:paragraph --><\/p>\n<p>Rejestracja trwa\u0142a od 10 sierpnia do 10 &nbsp;wrze\u015bnia. Uczestnicy otrzymali:<\/p>\n<p><!-- \/wp:paragraph --><\/p>\n<p><!-- wp:list --><\/p>\n<ul>\n<li>potwierdzenie udzia\u0142u,<\/li>\n<li>instrukcje organizacyjne,<\/li>\n<li>harmonogram dostaw pakiet\u00f3w startowych,<\/li>\n<li>kontakt do koordynatora akcji.<\/li>\n<\/ul>\n<p><!-- \/wp:list --><\/p>\n<p><!-- wp:paragraph --><\/p>\n<p>W\u015br\u00f3d zg\u0142oszonych znalaz\u0142y si\u0119 zar\u00f3wno instytucje wieloletnie, jak i nowe organizacje, kt\u00f3re po raz pierwszy do\u0142\u0105czy\u0142y do zbi\u00f3rki.<\/p>\n<p><!-- \/wp:paragraph --><\/p>\n<p><!-- wp:separator --><\/p>\n<hr class=\"wp-block-separator has-alpha-channel-opacity\">\n<p><!-- \/wp:separator --><\/p>\n<p><!-- wp:paragraph --><\/p>\n<p><strong>3. Dostawy pakiet\u00f3w startowych<\/strong><\/p>\n<p><!-- \/wp:paragraph --><\/p>\n<p><!-- wp:paragraph --><\/p>\n<p>Dostawy przeprowadzili\u015bmy na kilkana\u015bcie dni przed rozpocz\u0119ciem zbi\u00f3rki \u2014 w intensywnej, kilkudniowej akcji logistycznej. Po raz kolejny nieocenione by\u0142o wsparcie <strong>wolontariuszy Cisco Krak\u00f3w<\/strong>, kt\u00f3rzy od dw\u00f3ch lat pomagaj\u0105 nam w przygotowaniach do zbi\u00f3rki.<\/p>\n<p><!-- \/wp:paragraph --><\/p>\n<p><!-- wp:paragraph --><\/p>\n<p>Wolontariusze dostarczyli materia\u0142y do ponad <strong>60 lokalizacji<\/strong>, dzi\u0119ki czemu wszystkie instytucje mog\u0142y rozpocz\u0105\u0107 zbi\u00f3rk\u0119 20 pa\u017adziernika zgodnie z planem.<\/p>\n<p><!-- \/wp:paragraph --><\/p>\n<p><!-- wp:separator --><\/p>\n<hr class=\"wp-block-separator has-alpha-channel-opacity\">\n<p><!-- \/wp:separator --><\/p>\n<p><!-- wp:paragraph --><\/p>\n<p><strong>4. Odbiory \u017cywno\u015bci od uczestnik\u00f3w<\/strong><\/p>\n<p><!-- \/wp:paragraph --><\/p>\n<p><!-- wp:paragraph --><\/p>\n<p>Po zako\u0144czeniu zbi\u00f3rki od 27 pa\u017adziernika rozpocz\u0119li\u015bmy odbiory \u017cywno\u015bci. Trwa\u0142y przez 2 tygodnie. W dzia\u0142ania te aktywnie zaanga\u017cowa\u0142o si\u0119 <strong>14 wolontariuszy Cisco<\/strong>, kt\u00f3rzy zrealizowali trasy odbiorowe obejmuj\u0105ce ponad <strong>50 miejsc w mie\u015bcie<\/strong>.<\/p>\n<p><!-- \/wp:paragraph --><\/p>\n<p><!-- wp:paragraph --><\/p>\n<p>Wszystkie dary trafia\u0142y bezpo\u015brednio do naszego magazynu, gdzie by\u0142y wa\u017cone i przypisywane do poszczeg\u00f3lnych uczestnik\u00f3w. Proces odbior\u00f3w zako\u0144czy\u0142 si\u0119 w pierwszym tygodniu listopada.<\/p>\n<p><!-- \/wp:paragraph --><\/p>\n<p><!-- wp:separator --><\/p>\n<hr class=\"wp-block-separator has-alpha-channel-opacity\">\n<p><!-- \/wp:separator --><\/p>\n<p><!-- wp:paragraph --><\/p>\n<p><strong>5. Sortowanie \u017cywno\u015bci w magazynie<\/strong><\/p>\n<p><!-- \/wp:paragraph --><\/p>\n<p><!-- wp:paragraph --><\/p>\n<p>Sortowanie tysi\u0119cy produkt\u00f3w to etap wymagaj\u0105cy szczeg\u00f3lnej dok\u0142adno\u015bci. W tym roku w proces zaanga\u017cowali si\u0119:<\/p>\n<p><!-- \/wp:paragraph --><\/p>\n<p><!-- wp:list --><\/p>\n<ul>\n<li>wolontariusze <strong>UBS Poland<\/strong>,<\/li>\n<li>wolontariusze <strong>HCLTech<\/strong>,<\/li>\n<li>wolontariusze <strong>Wodoci\u0105g\u00f3w Miasta Krakowa<\/strong>,<\/li>\n<li>oraz indywidualni pomocnicy.<\/li>\n<\/ul>\n<p><!-- \/wp:list --><\/p>\n<p><!-- wp:paragraph --><\/p>\n<p>Dzi\u0119ki ich ogromnemu zaanga\u017cowaniu uda\u0142o si\u0119 przesortowa\u0107 ponad <strong>10 ton \u017cywno\u015bci<\/strong>, dziel\u0105c j\u0105 wed\u0142ug kategorii i przygotowuj\u0105c do dystrybucji.<\/p>\n<p><!-- \/wp:paragraph --><\/p>\n<p><!-- wp:separator --><\/p>\n<hr class=\"wp-block-separator has-alpha-channel-opacity\">\n<p><!-- \/wp:separator --><\/p>\n<p><!-- wp:paragraph --><\/p>\n<p><strong>6. Wynik zbi\u00f3rki<\/strong><\/p>\n<p><!-- \/wp:paragraph --><\/p>\n<p><!-- wp:paragraph --><\/p>\n<p>\u0141\u0105cznie zebrali\u015bmy <strong>10 302 kg \u017cywno\u015bci<\/strong>, ustanawiaj\u0105c nowy rekord pi\u0119ciu edycji Krakowskiej Zbi\u00f3rki \u017bywno\u015bci. To prawie <strong>300 kg wi\u0119cej ni\u017c w roku 2024<\/strong>, kt\u00f3ry dotychczas by\u0142 najlepszym wynikiem.<\/p>\n<p><!-- \/wp:paragraph --><\/p>\n<p><!-- wp:paragraph --><\/p>\n<p>Najwi\u0119ksze rezultaty osi\u0105gn\u0119li:<\/p>\n<p><!-- \/wp:paragraph --><\/p>\n<p><!-- wp:list --><\/p>\n<ul>\n<li><strong>Wodoci\u0105gi Miasta Krakowa<\/strong> \u2013 1060 kg<\/li>\n<li><strong>HEINEKEN Global Shared Services<\/strong> \u2013 718 kg<\/li>\n<li><strong>MPK Krak\u00f3w<\/strong> \u2013 700 kg<\/li>\n<li><strong>Holontil Investments (Maxio)<\/strong> \u2013 560 kg<\/li>\n<li><strong>Urz\u0105d Miasta Krakowa<\/strong> \u2013 490 kg<\/li>\n<\/ul>\n<p><!-- \/wp:list --><\/p>\n<p><!-- wp:paragraph --><\/p>\n<p>Pe\u0142ne zestawienie wynik\u00f3w w cz\u0119\u015bci tabelarycznej raportu.<\/p>\n<p><!-- \/wp:paragraph --><\/p>\n<p><!-- wp:separator --><\/p>\n<hr class=\"wp-block-separator has-alpha-channel-opacity\">\n<p><!-- \/wp:separator --><\/p>\n<p><!-- wp:paragraph --><\/p>\n<p><strong>7. Podsumowanie 5 lat Krakowskiej Zbi\u00f3rki \u017bywno\u015bci \u2014 spotkanie 5 grudnia<\/strong><\/p>\n<p><!-- \/wp:paragraph --><\/p>\n<p><!-- wp:paragraph --><\/p>\n<p>Kulminacj\u0105 tegorocznej edycji by\u0142o <strong>spotkanie podsumowuj\u0105ce pi\u0119\u0107 lat Krakowskiej Zbi\u00f3rki \u017bywno\u015bci<\/strong>, kt\u00f3re odby\u0142o si\u0119 <strong>5 grudnia w Klastrze Innowacji Spo\u0142eczno-Gospodarczych<\/strong>. W wydarzeniu wzi\u0119li udzia\u0142 przedstawiciele instytucji wsp\u00f3\u0142organizuj\u0105cych zbi\u00f3rk\u0119 oraz reprezentanci uczestnik\u00f3w.<\/p>\n<p><!-- \/wp:paragraph --><\/p>\n<p><!-- wp:paragraph --><\/p>\n<p>W programie spotkania znalaz\u0142y si\u0119:<\/p>\n<p><!-- \/wp:paragraph --><\/p>\n<p><!-- wp:list --><\/p>\n<ul>\n<li>prezentacja \u201e5 lat Krakowskiej Zbi\u00f3rki \u017bywno\u015bci w liczbach\u201d,<\/li>\n<li>panel dyskusyjny \u201eKrakowska Zbi\u00f3rka \u017bywno\u015bci oczami uczestnik\u00f3w\u201d,<\/li>\n<li>wsp\u00f3lne rozmowy, wymiana do\u015bwiadcze\u0144 i networking,<\/li>\n<li>fakultatywna wizyta w magazynie Banku \u017bywno\u015bci, pozwalaj\u0105ca zobaczy\u0107 proces sortowania i dystrybucji dar\u00f3w.<\/li>\n<\/ul>\n<p><!-- \/wp:list --><\/p>\n<p><!-- wp:paragraph --><\/p>\n<p>Spotkanie by\u0142o okazj\u0105 do wyra\u017cenia wdzi\u0119czno\u015bci wszystkim uczestnikom, a jednocze\u015bnie \u2014 do zebrania inspiracji i dobrych praktyk na przysz\u0142e edycje akcji.<\/p>\n<p><!-- \/wp:paragraph --><\/p>\n<p><!-- wp:image {\"align\":\"center\",\"id\":7398,\"sizeSlug\":\"full\",\"linkDestination\":\"media\"} --><\/p>\n<figure class=\"wp-block-image aligncenter size-full\"><a href=\"https:\/\/krakow.bankizywnosci.pl\/wp-content\/uploads\/2025\/12\/BZ_foto.webp\"><img loading=\"lazy\" width=\"949\" height=\"634\" src=\"https:\/\/krakow.bankizywnosci.pl\/wp-content\/uploads\/2025\/12\/BZ_foto.webp\" alt=\"\" class=\"wp-image-7398\" srcset=\"https:\/\/krakow.bankizywnosci.pl\/wp-content\/uploads\/2025\/12\/BZ_foto.webp 949w, https:\/\/krakow.bankizywnosci.pl\/wp-content\/uploads\/2025\/12\/BZ_foto-300x200.webp 300w, https:\/\/krakow.bankizywnosci.pl\/wp-content\/uploads\/2025\/12\/BZ_foto-768x513.webp 768w, https:\/\/krakow.bankizywnosci.pl\/wp-content\/uploads\/2025\/12\/BZ_foto-560x374.webp 560w, https:\/\/krakow.bankizywnosci.pl\/wp-content\/uploads\/2025\/12\/BZ_foto-400x267.webp 400w, https:\/\/krakow.bankizywnosci.pl\/wp-content\/uploads\/2025\/12\/BZ_foto-900x601.webp 900w, https:\/\/krakow.bankizywnosci.pl\/wp-content\/uploads\/2025\/12\/BZ_foto-449x300.webp 449w\" sizes=\"(max-width: 949px) 100vw, 949px\" \/><\/a><\/figure>\n<p><!-- \/wp:image --><\/p>\n<p><!-- wp:separator --><\/p>\n<hr class=\"wp-block-separator has-alpha-channel-opacity\">\n<p><!-- \/wp:separator --><\/p>\n<p><!-- wp:paragraph --><\/p>\n<p><strong>8. Uczestnicy i zebrana przez nich \u017cywno\u015b\u0107 w kg malej\u0105co.<\/strong><\/p>\n<p><!-- \/wp:paragraph --><\/p>\n<p><!-- wp:table --><\/p>\n<figure class=\"wp-block-table\">\n<table>\n<tbody>\n<tr>\n<td><strong>Pe\u0142na nazwa uczestnika Krakowskiej Zbi\u00f3rki \u017bywno\u015bci &#8217;25<\/strong><\/td>\n<td><strong>Waga w kg<\/strong><\/td>\n<\/tr>\n<tr>\n<td>Wodoci\u0105gi Miasta Krakowa S.A.<\/td>\n<td><strong>1060<\/strong><\/td>\n<\/tr>\n<tr>\n<td>HEINEKEN Global Shared Services<\/td>\n<td><strong>718<\/strong><\/td>\n<\/tr>\n<tr>\n<td>Miejskie Przedsi\u0119biorstwo Komunikacyjne S.A. w Krakowie<\/td>\n<td><strong>700<\/strong><\/td>\n<\/tr>\n<tr>\n<td>Holontil Investments sp. z o.o. (Maxio)<\/td>\n<td><strong>560<\/strong><\/td>\n<\/tr>\n<tr>\n<td>Urz\u0105d Miasta Krakowa<\/td>\n<td><strong>490<\/strong><\/td>\n<\/tr>\n<tr>\n<td>XV Liceum Og\u00f3lnokszta\u0142c\u0105ce<\/td>\n<td><strong>460<\/strong><\/td>\n<\/tr>\n<tr>\n<td>Zarz\u0105d Infrastruktury Sportowej w Krakowie<\/td>\n<td><strong>460<\/strong><\/td>\n<\/tr>\n<tr>\n<td>VII Prywatne Liceum Og\u00f3lnokszta\u0142c\u0105ce im. Miko\u0142aja Reja w Krakowie Prywatna Szko\u0142a Podstawowa im. Miko\u0142aja Reja w Krakowie<\/td>\n<td><strong>330<\/strong><\/td>\n<\/tr>\n<tr>\n<td>Zesp\u00f3\u0142 Szkolno &#8211; Przedszkolny nr 11 w Krakowie<\/td>\n<td><strong>320<\/strong><\/td>\n<\/tr>\n<tr>\n<td>Szko\u0142a Podstawowa z Oddzia\u0142ami Integracyjnymi nr 158 w Krakowie<\/td>\n<td><strong>300<\/strong><\/td>\n<\/tr>\n<tr>\n<td>KOSTKA Publiczne Liceum Og\u00f3lnokszta\u0142c\u0105ce Jezuit\u00f3w im. \u015bw. Stanis\u0142awa Kostki<\/td>\n<td><strong>290<\/strong><\/td>\n<\/tr>\n<tr>\n<td>Miejskie Przedsi\u0119biorstwo Energetyki Cieplnej<\/td>\n<td><strong>250<\/strong><\/td>\n<\/tr>\n<tr>\n<td>Szko\u0142a Podstawowa nr 31<\/td>\n<td><strong>230<\/strong><\/td>\n<\/tr>\n<tr>\n<td>Zesp\u00f3\u0142 Szk\u00f3\u0142 In\u017cynierii \u015arodowiska i Melioracji<\/td>\n<td><strong>200<\/strong><\/td>\n<\/tr>\n<tr>\n<td>Electrolux Poland Sp. z o. o. &#8211; Global Shared Services Center<\/td>\n<td><strong>160<\/strong><\/td>\n<\/tr>\n<tr>\n<td>Szko\u0142a Podstawowa &#8222;Rajska Szko\u0142a&#8221; im. Zbigniewa Wodeckiego w Krakowie<\/td>\n<td><strong>160<\/strong><\/td>\n<\/tr>\n<tr>\n<td>CH2M Polska Services Sp. z o.o. (Jacobs)<\/td>\n<td><strong>156<\/strong><\/td>\n<\/tr>\n<tr>\n<td>Krak\u00f3w Nowa Huta Przysz\u0142o\u015bci S.A.<\/td>\n<td><strong>130<\/strong><\/td>\n<\/tr>\n<tr>\n<td>Penta Consulting Poland<\/td>\n<td><strong>130<\/strong><\/td>\n<\/tr>\n<tr>\n<td>KION Business Services Polska Sp. z o. o.<\/td>\n<td><strong>120<\/strong><\/td>\n<\/tr>\n<tr>\n<td>Szko\u0142a Podstawowa nr 141 w Krakowie<\/td>\n<td><strong>110<\/strong><\/td>\n<\/tr>\n<tr>\n<td>NOVOMATIC Technologies Poland Sp. z o.o.<\/td>\n<td><strong>102<\/strong><\/td>\n<\/tr>\n<tr>\n<td>Centrum Kszta\u0142cenia Zawodowego i Ustawicznego w Krakowie<\/td>\n<td><strong>100<\/strong><\/td>\n<\/tr>\n<tr>\n<td>Szko\u0142a Podstawowa nr 41 im. J. Kochanowskiego w Krakowie<\/td>\n<td><strong>100<\/strong><\/td>\n<\/tr>\n<tr>\n<td>Szko\u0142a Podstawowa nr 91 w Krakowie<\/td>\n<td><strong>100<\/strong><\/td>\n<\/tr>\n<tr>\n<td>ZSO Da Vinci w Krakowie<\/td>\n<td><strong>100<\/strong><\/td>\n<\/tr>\n<tr>\n<td>Fundacja Aktywno\u015bci i Edukacji Spo\u0142ecznej FAES<\/td>\n<td><strong>100<\/strong><\/td>\n<\/tr>\n<tr>\n<td>Zesp\u00f3\u0142 Szk\u00f3\u0142 Og\u00f3lnokszta\u0142c\u0105cych Nr 18 w Krakowie<\/td>\n<td><strong>97<\/strong><\/td>\n<\/tr>\n<tr>\n<td>TE Connectivity Poland Services Sp. z o.o.<\/td>\n<td><strong>93<\/strong><\/td>\n<\/tr>\n<tr>\n<td>Telewizja Polska Oddzia\u0142 w Krakowie<\/td>\n<td><strong>91<\/strong><\/td>\n<\/tr>\n<tr>\n<td>Sylvamo Polska sp. z o.o.<\/td>\n<td><strong>90<\/strong><\/td>\n<\/tr>\n<tr>\n<td>Zarz\u0105d Dr\u00f3g Miasta Krakowa<\/td>\n<td><strong>90<\/strong><\/td>\n<\/tr>\n<tr>\n<td>Szko\u0142a Podstawowa z Oddzia\u0142em Dwuj\u0119zycznym Im. Piotra Micha\u0142owskiego TSSP<\/td>\n<td><strong>88<\/strong><\/td>\n<\/tr>\n<tr>\n<td>HSBC Service Delivery (Polska) Sp. z o.o.<\/td>\n<td><strong>84<\/strong><\/td>\n<\/tr>\n<tr>\n<td>Samorz\u0105dowe Przedszkole nr 124 w Krakowie<\/td>\n<td><strong>70<\/strong><\/td>\n<\/tr>\n<tr>\n<td>Szko\u0142a Podstawowa numer 126 im. Komisji Edukacji Narodowej w Krakowie<\/td>\n<td><strong>70<\/strong><\/td>\n<\/tr>\n<tr>\n<td>Zesp\u00f3\u0142 Szk\u00f3\u0142 Og\u00f3lnokszta\u0142c\u0105cych nr 9 w Krakowie<\/td>\n<td><strong>69<\/strong><\/td>\n<\/tr>\n<tr>\n<td>Cisco Systems Poland<\/td>\n<td><strong>67<\/strong><\/td>\n<\/tr>\n<tr>\n<td>Motorola Solutions Systems Polska Sp. z o.o<\/td>\n<td><strong>65<\/strong><\/td>\n<\/tr>\n<tr>\n<td>Lufthansa Group Business Services Sp. z o. o.<\/td>\n<td><strong>64<\/strong><\/td>\n<\/tr>\n<tr>\n<td>Szko\u0142a Podstawowa nr 4 im. Romualda Traugutta<\/td>\n<td><strong>64<\/strong><\/td>\n<\/tr>\n<tr>\n<td>Niepubliczna Chrze\u015bcija\u0144ska Szko\u0142a Podstawowa z O.I nr 2 Ucze\u0144<\/td>\n<td><strong>60<\/strong><\/td>\n<\/tr>\n<tr>\n<td>Samorz\u0105dowe Przedszkole nr 23 przy Zespole Szkolno-Przedszkolnym nr 7<\/td>\n<td><strong>60<\/strong><\/td>\n<\/tr>\n<tr>\n<td>Spo\u0142eczna Szko\u0142a Podstawowa nr 7 STO w Krakowie<\/td>\n<td><strong>60<\/strong><\/td>\n<\/tr>\n<tr>\n<td>Szko\u0142a Podstawowa nr 88 im. Stefana \u017beromskiego w Krakowie w Krakowie<\/td>\n<td><strong>60<\/strong><\/td>\n<\/tr>\n<tr>\n<td>Uniwersytet Papieski Jana Paw\u0142a II w Krakowie<\/td>\n<td><strong>60<\/strong><\/td>\n<\/tr>\n<tr>\n<td>Zesp\u00f3\u0142 Szk\u00f3\u0142 Chemicznych, ul. Krupnicza 44, 31 123 Krak\u00f3w<\/td>\n<td><strong>60<\/strong><\/td>\n<\/tr>\n<tr>\n<td>HCLTech<\/td>\n<td><strong>58<\/strong><\/td>\n<\/tr>\n<tr>\n<td>Miejskie Przedsi\u0119biorstwo Oczyszczania Sp. z o.o. w Krakowie<\/td>\n<td><strong>50<\/strong><\/td>\n<\/tr>\n<tr>\n<td>Shell Polska Sp. Z o.o. Oddzia\u0142 w Krakowie<\/td>\n<td><strong>50<\/strong><\/td>\n<\/tr>\n<tr>\n<td>XXX Liceum Og\u00f3lnokszta\u0142c\u0105ce im. Brata Alberta Adama Chmielowskiego w Krakowie<\/td>\n<td><strong>50<\/strong><\/td>\n<\/tr>\n<tr>\n<td>VI LO im Adama Mickiewicza w Krakowie<\/td>\n<td><strong>48<\/strong><\/td>\n<\/tr>\n<tr>\n<td>Liceum Og\u00f3lnokszta\u0142c\u0105ce nr 28<\/td>\n<td><strong>47<\/strong><\/td>\n<\/tr>\n<tr>\n<td>Samorz\u0105dowe Przedszkole nr 57<\/td>\n<td><strong>43<\/strong><\/td>\n<\/tr>\n<tr>\n<td>Szko\u0142a Podstawowa nr 95 w Krakowie<\/td>\n<td><strong>40<\/strong><\/td>\n<\/tr>\n<tr>\n<td>Szko\u0142a Podstawowa nr 103 w Krakowie&nbsp; im. K.I. Ga\u0142czy\u0144skiego<\/td>\n<td><strong>35<\/strong><\/td>\n<\/tr>\n<tr>\n<td>Szko\u0142a Podstawowa z Oddzia\u0142ami Integracyjnymi Nr 22<\/td>\n<td><strong>35<\/strong><\/td>\n<\/tr>\n<tr>\n<td>Szko\u0142a Podstawowa nr 64 w Krakowie<\/td>\n<td><strong>32<\/strong><\/td>\n<\/tr>\n<tr>\n<td>Grodzki Urz\u0105d Pracy w Krakowie<\/td>\n<td><strong>30<\/strong><\/td>\n<\/tr>\n<tr>\n<td>Stowarzyszenie Integracji oraz Aktywizacji Zawodowej&nbsp; i Spo\u0142ecznej Os\u00f3b z Niepe\u0142nosprawno\u015bciami &#8222;EMAUS&#8221;<\/td>\n<td><strong>30<\/strong><\/td>\n<\/tr>\n<tr>\n<td>Agencja Rozwoju Miasta Krakowa<\/td>\n<td><strong>27<\/strong><\/td>\n<\/tr>\n<tr>\n<td>Szko\u0142a Podstawowa nr 58 im. Tadeusza Ko\u015bciuszki w Krakowie<\/td>\n<td><strong>27<\/strong><\/td>\n<\/tr>\n<tr>\n<td>Zesp\u00f3\u0142 Szk\u00f3\u0142 Mechanicznych nr 2 im. Kazimierza G\u00f3rskiego w Krakowie<\/td>\n<td><strong>25,5<\/strong><\/td>\n<\/tr>\n<tr>\n<td>Liceum Og\u00f3lnokszta\u0142c\u0105ce z Oddzia\u0142em Dwuj\u0119zycznym im. Piotra Micha\u0142owskiego TSSP<\/td>\n<td><strong>24<\/strong><\/td>\n<\/tr>\n<tr>\n<td>Samorz\u0105dowe Przedszkole nr 1 im. Stanis\u0142awa Wyspia\u0144skiego w Krakowie<\/td>\n<td><strong>23<\/strong><\/td>\n<\/tr>\n<tr>\n<td>Zarz\u0105d Zieleni Miejskiej w Krakowie<\/td>\n<td><strong>23<\/strong><\/td>\n<\/tr>\n<tr>\n<td>Uniwersytet Ekonomiczny w Krakowie<\/td>\n<td><strong>21<\/strong><\/td>\n<\/tr>\n<tr>\n<td>Liceum Sztuk Plastycznych Cosinus, Technikum dla M\u0142odzie\u017cy Cosinus, Policealne Szko\u0142y dla Doros\u0142ych Cosinus<\/td>\n<td><strong>20<\/strong><\/td>\n<\/tr>\n<tr>\n<td>Morele.net Sp. z o.o.<\/td>\n<td><strong>20<\/strong><\/td>\n<\/tr>\n<tr>\n<td>Publiczne Przedszkole Tuptusiowo<\/td>\n<td><strong>20<\/strong><\/td>\n<\/tr>\n<tr>\n<td>ZSP nr 14 w Krakowie<\/td>\n<td><strong>13<\/strong><\/td>\n<\/tr>\n<tr>\n<td>Zarz\u0105d Transportu Publicznego w Krakowie<\/td>\n<td><strong>12<\/strong><\/td>\n<\/tr>\n<tr>\n<td>Brown Brothers Harriman (Poland)<\/td>\n<td><strong>11<\/strong><\/td>\n<\/tr>\n<tr>\n<td>M\u0142odzie\u017cowy Dom Kultury \u201eDom Harcerza\u201d<\/td>\n<td><strong>9<\/strong><\/td>\n<\/tr>\n<tr>\n<td>Uniwersytet Ignatianum w Krakowie<\/td>\n<td><strong>8<\/strong><\/td>\n<\/tr>\n<tr>\n<td>Centrum M\u0142odzie\u017cy im. dr. H. Jordana<\/td>\n<td><strong>7<\/strong><\/td>\n<\/tr>\n<tr>\n<td>Krak\u00f3w Miastem Startup\u00f3w<\/td>\n<td><strong>3,5<\/strong><\/td>\n<\/tr>\n<\/tbody>\n<\/table>\n<\/figure>\n<p><!-- \/wp:table --><\/p>\n<p><!-- wp:separator --><\/p>\n<hr class=\"wp-block-separator has-alpha-channel-opacity\">\n<p><!-- \/wp:separator --><\/p>\n<p><!-- wp:paragraph --><\/p>\n<p><strong>9. Zebrana \u017cywno\u015b\u0107 wg asortyment\u00f3w<\/strong><\/p>\n<p><!-- \/wp:paragraph --><\/p>\n<p><!-- wp:table --><\/p>\n<figure class=\"wp-block-table\">\n<table>\n<tbody>\n<tr>\n<td><strong>Asortyment<\/strong><\/td>\n<td><strong>Waga w kg<\/strong><\/td>\n<\/tr>\n<tr>\n<td>Kawy, herbaty, napoje kawowe instant (kg)<\/td>\n<td>110<\/td>\n<\/tr>\n<tr>\n<td>P\u0142atki \u015bniadaniowe 1<\/td>\n<td>120<\/td>\n<\/tr>\n<tr>\n<td>S\u0142odycze i czekolady (kg)<\/td>\n<td>235<\/td>\n<\/tr>\n<tr>\n<td>Mleko (kg)<\/td>\n<td>2000<\/td>\n<\/tr>\n<tr>\n<td>M\u0105ka<\/td>\n<td>940<\/td>\n<\/tr>\n<tr>\n<td>Ry\u017c 1<\/td>\n<td>860<\/td>\n<\/tr>\n<tr>\n<td>Makaron<\/td>\n<td>1100<\/td>\n<\/tr>\n<tr>\n<td>Kasza 1<\/td>\n<td>594<\/td>\n<\/tr>\n<tr>\n<td>Owoce i warzywa suszone, ziarna jadalne (kg)<\/td>\n<td>40<\/td>\n<\/tr>\n<tr>\n<td>Oleje i t\u0142uszcz (kg)<\/td>\n<td>600<\/td>\n<\/tr>\n<tr>\n<td>Cukier<\/td>\n<td>1100<\/td>\n<\/tr>\n<tr>\n<td>Mi\u00f3d 1000<\/td>\n<td>70<\/td>\n<\/tr>\n<tr>\n<td>Przetwory z owoc\u00f3w (kg)<\/td>\n<td>35<\/td>\n<\/tr>\n<tr>\n<td>D\u017cem\/konfitura 1000<\/td>\n<td>240<\/td>\n<\/tr>\n<tr>\n<td>Przetwory z warzyw (kg)<\/td>\n<td>470<\/td>\n<\/tr>\n<tr>\n<td>Konserwy, pasty i sa\u0142atki rybne (kg)<\/td>\n<td>165<\/td>\n<\/tr>\n<tr>\n<td>Konserwy mi\u0119sne i pasztety (kg)<\/td>\n<td>410<\/td>\n<\/tr>\n<tr>\n<td>Dania gotowe (kg)<\/td>\n<td>550<\/td>\n<\/tr>\n<tr>\n<td>\u017bywno\u015b\u0107 dla dzieci (kg)<\/td>\n<td>35<\/td>\n<\/tr>\n<tr>\n<td>Napoje (kg)<\/td>\n<td>470<\/td>\n<\/tr>\n<tr>\n<td>R\u00f3\u017cne (kg)<\/td>\n<td>158<\/td>\n<\/tr>\n<tr>\n<td><strong>Suma:<\/strong><\/td>\n<td><strong>10302<\/strong><\/td>\n<\/tr>\n<\/tbody>\n<\/table>\n<\/figure>\n<p><!-- \/wp:table --><\/p>\n<p><!-- wp:separator --><\/p>\n<hr class=\"wp-block-separator has-alpha-channel-opacity\">\n<p><!-- \/wp:separator --><\/p>\n<p><!-- wp:paragraph --><\/p>\n<p><strong>10. Dystrybucja dar\u00f3w. Odbiorcy \u017cywno\u015bci \u2013 Krakowska Zbi\u00f3rka \u017bywno\u015bci 2025<\/strong><\/p>\n<p><!-- \/wp:paragraph --><\/p>\n<p><!-- wp:table --><\/p>\n<figure class=\"wp-block-table\">\n<table>\n<tbody>\n<tr>\n<td>LP.<\/td>\n<td><strong>Odbiorca<\/strong><\/td>\n<td><strong>Tona\u017c [kg]<\/strong><\/td>\n<td><strong>Warto\u015b\u0107 [z\u0142]<\/strong><\/td>\n<\/tr>\n<tr>\n<td>1<\/td>\n<td>Dobry Sklep &#8211; Sklep Spo\u0142eczny Banku \u017bywno\u015bci<\/td>\n<td>1154,5<\/td>\n<td>10238<\/td>\n<\/tr>\n<tr>\n<td>2<\/td>\n<td>Fundacja Po Pierwsze Cz\u0142owiek<\/td>\n<td>556,5<\/td>\n<td>5540<\/td>\n<\/tr>\n<tr>\n<td>3<\/td>\n<td>Fundacja Rozwoju Wspierania Spo\u0142ecznego Leonardo<\/td>\n<td>630<\/td>\n<td>3175<\/td>\n<\/tr>\n<tr>\n<td>4<\/td>\n<td>Ko\u015bci\u00f3\u0142 Bo\u017cy \u201eLaska Chrystusa\u201d w Krakowie<\/td>\n<td>628<\/td>\n<td>4092<\/td>\n<\/tr>\n<tr>\n<td>5<\/td>\n<td>Misja S\u0142owia\u0144ska w Europie<\/td>\n<td>1245<\/td>\n<td>9600<\/td>\n<\/tr>\n<tr>\n<td>6<\/td>\n<td>Saltrom Salezja\u0144ski Ruch Troski o M\u0142odzie\u017c<\/td>\n<td>670<\/td>\n<td>7725<\/td>\n<\/tr>\n<tr>\n<td>7<\/td>\n<td>Specjalny O\u015brodek Szkolno-Wychowawczy Nr 1<\/td>\n<td>652<\/td>\n<td>6485<\/td>\n<\/tr>\n<tr>\n<td>8<\/td>\n<td>Stowarzyszenie Przyjaci\u00f3\u0142 im. \u015bw. Brata Alberta<\/td>\n<td>500<\/td>\n<td>4775<\/td>\n<\/tr>\n<tr>\n<td>9<\/td>\n<td>Stowarzyszenie Dobroczynne&#8221; Betlejem&#8221;<\/td>\n<td>490<\/td>\n<td>4675<\/td>\n<\/tr>\n<tr>\n<td>10<\/td>\n<td>Stowarzyszenie MONAR O\u015brodek Leczenia Terapii i Rehabilitacji Os\u00f3b Uzale\u017cnionych z Nawrotami Choroby w Krakowie<\/td>\n<td>544<\/td>\n<td>4570<\/td>\n<\/tr>\n<tr>\n<td>11<\/td>\n<td>Stowarzyszenie Monar O\u015brodek Leczenia, Terapii i Rehabilitacji Uzale\u017cnie\u0144 Krakowie, ul. Suchy Jar 4<\/td>\n<td>545<\/td>\n<td>4600<\/td>\n<\/tr>\n<tr>\n<td>12<\/td>\n<td>Stowarzyszenie Pomocy Ludziom Starszym i Niepe\u0142nosprawnym im. Papie\u017ca Jana Paw\u0142a II w Krakowie<\/td>\n<td>1100<\/td>\n<td>5200<\/td>\n<\/tr>\n<tr>\n<td>13<\/td>\n<td>Stowarzyszenie Przyjaci\u00f3\u0142 Dzieci Specjalnej Troski Arkadia<\/td>\n<td>591<\/td>\n<td>6329<\/td>\n<\/tr>\n<tr>\n<td>14<\/td>\n<td>Zesp\u00f3\u0142 Plac\u00f3wek Resocjalizacyjno &#8211; Socjoterapeutycznych<\/td>\n<td>416<\/td>\n<td>4665<\/td>\n<\/tr>\n<tr>\n<td>15<\/td>\n<td>Zesp\u00f3\u0142 Szk\u00f3\u0142 i Plac\u00f3wek pn. \u201eCentrum dla Niewidomych i S\u0142abowidz\u0105cych w Krakowie<\/td>\n<td>580<\/td>\n<td>4425<\/td>\n<\/tr>\n<tr>\n<td><\/td>\n<td><strong>Razem:<\/strong><\/td>\n<td><strong>10302<\/strong><\/td>\n<td><strong>86094<\/strong><\/td>\n<\/tr>\n<\/tbody>\n<\/table>\n<\/figure>\n<p><!-- \/wp:table --><\/p>\n<p><!-- wp:image {\"align\":\"center\",\"id\":7399,\"sizeSlug\":\"full\",\"linkDestination\":\"media\"} --><\/p>\n<figure class=\"wp-block-image aligncenter size-full\"><a href=\"https:\/\/krakow.bankizywnosci.pl\/wp-content\/uploads\/2025\/12\/BZ_foto_2.webp\"><img loading=\"lazy\" width=\"949\" height=\"536\" src=\"https:\/\/krakow.bankizywnosci.pl\/wp-content\/uploads\/2025\/12\/BZ_foto_2.webp\" alt=\"\" class=\"wp-image-7399\" srcset=\"https:\/\/krakow.bankizywnosci.pl\/wp-content\/uploads\/2025\/12\/BZ_foto_2.webp 949w, https:\/\/krakow.bankizywnosci.pl\/wp-content\/uploads\/2025\/12\/BZ_foto_2-300x169.webp 300w, https:\/\/krakow.bankizywnosci.pl\/wp-content\/uploads\/2025\/12\/BZ_foto_2-768x434.webp 768w, https:\/\/krakow.bankizywnosci.pl\/wp-content\/uploads\/2025\/12\/BZ_foto_2-360x203.webp 360w, https:\/\/krakow.bankizywnosci.pl\/wp-content\/uploads\/2025\/12\/BZ_foto_2-560x315.webp 560w, https:\/\/krakow.bankizywnosci.pl\/wp-content\/uploads\/2025\/12\/BZ_foto_2-150x86.webp 150w, https:\/\/krakow.bankizywnosci.pl\/wp-content\/uploads\/2025\/12\/BZ_foto_2-260x147.webp 260w, https:\/\/krakow.bankizywnosci.pl\/wp-content\/uploads\/2025\/12\/BZ_foto_2-480x271.webp 480w, https:\/\/krakow.bankizywnosci.pl\/wp-content\/uploads\/2025\/12\/BZ_foto_2-400x226.webp 400w, https:\/\/krakow.bankizywnosci.pl\/wp-content\/uploads\/2025\/12\/BZ_foto_2-900x508.webp 900w, https:\/\/krakow.bankizywnosci.pl\/wp-content\/uploads\/2025\/12\/BZ_foto_2-531x300.webp 531w\" sizes=\"(max-width: 949px) 100vw, 949px\" \/><\/a><\/figure>\n<p><!-- \/wp:image --><\/p>\t\t\t\t\t<\/div>\n\t\t\t\t\t\t<\/div>\n\t\t\t\t<\/div>\n\t\t\t\t\t\t<\/div>\n\t\t\t\t\t<\/div>\n\t\t<\/div>\n\t\t\t\t\t\t\t\t<\/div>\n\t\t\t\t\t<\/div>\n\t\t<\/section>\n\t\t\t\t\t\t\t\t\t<\/div>\n\t\t\t<\/div>\n\t\t\t\t\t<\/div>\n\t\t","protected":false},"excerpt":{"rendered":"<p>Pi\u0105ta edycja Krakowskiej Zbi\u00f3rki \u017bywno\u015bci by\u0142a wyj\u0105tkowa zar\u00f3wno pod wzgl\u0119dem skali, jak i poziomu zaanga\u017cowania uczestnik\u00f3w. Przygotowania rozpocz\u0119\u0142y si\u0119 ju\u017c w sierpniu \u2014 obejmowa\u0142y  dzia\u0142ania medialne, w kt\u00f3re w\u0142\u0105czy\u0142 si\u0119 Prezydent Miasta Krakowa, opracowanie harmonogramu, aktualizacj\u0119 identyfikacji wizualnej oraz przygotowanie procesu rejestracji dla nowych i powracaj\u0105cych instytucji.<\/p>\n","protected":false},"author":1,"featured_media":7402,"comment_status":"closed","ping_status":"open","sticky":false,"template":"","format":"standard","meta":{"_mi_skip_tracking":false},"categories":[1],"tags":[],"yoast_head":"<!-- This site is optimized with the Yoast SEO plugin v19.7.2 - https:\/\/yoast.com\/wordpress\/plugins\/seo\/ -->\n<title>Raport z Krakowskiej Zbi\u00f3rki \u017bywno\u015bci 2025 - Bank \u017bywno\u015bci w Krakowie<\/title>\n<meta name=\"robots\" content=\"index, follow, max-snippet:-1, max-image-preview:large, max-video-preview:-1\" \/>\n<link rel=\"canonical\" href=\"https:\/\/krakow.bankizywnosci.pl\/?p=7397\" \/>\n<meta property=\"og:locale\" content=\"pl_PL\" \/>\n<meta property=\"og:type\" content=\"article\" \/>\n<meta property=\"og:title\" content=\"Raport z Krakowskiej Zbi\u00f3rki \u017bywno\u015bci 2025 - Bank \u017bywno\u015bci w Krakowie\" \/>\n<meta property=\"og:description\" content=\"Pi\u0105ta edycja Krakowskiej Zbi\u00f3rki \u017bywno\u015bci by\u0142a wyj\u0105tkowa zar\u00f3wno pod wzgl\u0119dem skali, jak i poziomu zaanga\u017cowania uczestnik\u00f3w. Przygotowania rozpocz\u0119\u0142y si\u0119 ju\u017c w sierpniu \u2014 obejmowa\u0142y dzia\u0142ania medialne, w kt\u00f3re w\u0142\u0105czy\u0142 si\u0119 Prezydent Miasta Krakowa, opracowanie harmonogramu, aktualizacj\u0119 identyfikacji wizualnej oraz przygotowanie procesu rejestracji dla nowych i powracaj\u0105cych instytucji.\" \/>\n<meta property=\"og:url\" content=\"https:\/\/krakow.bankizywnosci.pl\/?p=7397\" \/>\n<meta property=\"og:site_name\" content=\"Bank \u017bywno\u015bci w Krakowie\" \/>\n<meta property=\"article:publisher\" content=\"https:\/\/www.facebook.com\/bzkrk\" \/>\n<meta property=\"article:published_time\" content=\"2025-12-11T09:04:30+00:00\" \/>\n<meta property=\"article:modified_time\" content=\"2026-02-06T20:03:47+00:00\" \/>\n<meta property=\"og:image\" content=\"https:\/\/krakow.bankizywnosci.pl\/wp-content\/uploads\/2025\/12\/BZ_BANER.webp\" \/>\n\t<meta property=\"og:image:width\" content=\"660\" \/>\n\t<meta property=\"og:image:height\" content=\"371\" \/>\n\t<meta property=\"og:image:type\" content=\"image\/webp\" \/>\n<meta name=\"author\" content=\"admin\" \/>\n<meta name=\"twitter:card\" content=\"summary_large_image\" \/>\n<meta name=\"twitter:label1\" content=\"Napisane przez\" \/>\n\t<meta name=\"twitter:data1\" content=\"admin\" \/>\n\t<meta name=\"twitter:label2\" content=\"Szacowany czas czytania\" \/>\n\t<meta name=\"twitter:data2\" content=\"9 minut\" \/>\n<script type=\"application\/ld+json\" class=\"yoast-schema-graph\">{\"@context\":\"https:\/\/schema.org\",\"@graph\":[{\"@type\":\"Article\",\"@id\":\"https:\/\/krakow.bankizywnosci.pl\/?p=7397#article\",\"isPartOf\":{\"@id\":\"https:\/\/krakow.bankizywnosci.pl\/?p=7397\"},\"author\":{\"name\":\"admin\",\"@id\":\"https:\/\/krakow.bankizywnosci.pl\/#\/schema\/person\/0818b0f0938592b7e5c4724b008ef748\"},\"headline\":\"Raport z Krakowskiej Zbi\u00f3rki \u017bywno\u015bci 2025\",\"datePublished\":\"2025-12-11T09:04:30+00:00\",\"dateModified\":\"2026-02-06T20:03:47+00:00\",\"mainEntityOfPage\":{\"@id\":\"https:\/\/krakow.bankizywnosci.pl\/?p=7397\"},\"wordCount\":1448,\"publisher\":{\"@id\":\"https:\/\/krakow.bankizywnosci.pl\/#organization\"},\"articleSection\":[\"Aktualno\u015bci\"],\"inLanguage\":\"pl-PL\"},{\"@type\":\"WebPage\",\"@id\":\"https:\/\/krakow.bankizywnosci.pl\/?p=7397\",\"url\":\"https:\/\/krakow.bankizywnosci.pl\/?p=7397\",\"name\":\"Raport z Krakowskiej Zbi\u00f3rki \u017bywno\u015bci 2025 - Bank \u017bywno\u015bci w Krakowie\",\"isPartOf\":{\"@id\":\"https:\/\/krakow.bankizywnosci.pl\/#website\"},\"datePublished\":\"2025-12-11T09:04:30+00:00\",\"dateModified\":\"2026-02-06T20:03:47+00:00\",\"breadcrumb\":{\"@id\":\"https:\/\/krakow.bankizywnosci.pl\/?p=7397#breadcrumb\"},\"inLanguage\":\"pl-PL\",\"potentialAction\":[{\"@type\":\"ReadAction\",\"target\":[\"https:\/\/krakow.bankizywnosci.pl\/?p=7397\"]}]},{\"@type\":\"BreadcrumbList\",\"@id\":\"https:\/\/krakow.bankizywnosci.pl\/?p=7397#breadcrumb\",\"itemListElement\":[{\"@type\":\"ListItem\",\"position\":1,\"name\":\"Strona g\u0142\u00f3wna\",\"item\":\"https:\/\/krakow.bankizywnosci.pl\/\"},{\"@type\":\"ListItem\",\"position\":2,\"name\":\"Raport z Krakowskiej Zbi\u00f3rki \u017bywno\u015bci 2025\"}]},{\"@type\":\"WebSite\",\"@id\":\"https:\/\/krakow.bankizywnosci.pl\/#website\",\"url\":\"https:\/\/krakow.bankizywnosci.pl\/\",\"name\":\"Bank \u017bywno\u015bci w Krakowie\",\"description\":\"\",\"publisher\":{\"@id\":\"https:\/\/krakow.bankizywnosci.pl\/#organization\"},\"potentialAction\":[{\"@type\":\"SearchAction\",\"target\":{\"@type\":\"EntryPoint\",\"urlTemplate\":\"https:\/\/krakow.bankizywnosci.pl\/?s={search_term_string}\"},\"query-input\":\"required name=search_term_string\"}],\"inLanguage\":\"pl-PL\"},{\"@type\":\"Organization\",\"@id\":\"https:\/\/krakow.bankizywnosci.pl\/#organization\",\"name\":\"Bank \u017bywno\u015bci w Krakowie\",\"url\":\"https:\/\/krakow.bankizywnosci.pl\/\",\"sameAs\":[\"https:\/\/www.linkedin.com\/company\/bank-ywnoci-w-krakowie\/\",\"https:\/\/www.instagram.com\/bankzywnosciwkrakowie\/\",\"https:\/\/www.youtube.com\/@bankzywnosciwkrakowie\",\"https:\/\/www.facebook.com\/bzkrk\"],\"logo\":{\"@type\":\"ImageObject\",\"inLanguage\":\"pl-PL\",\"@id\":\"https:\/\/krakow.bankizywnosci.pl\/#\/schema\/logo\/image\/\",\"url\":\"https:\/\/krakow.bankizywnosci.pl\/wp-content\/uploads\/2018\/02\/logo_200.png\",\"contentUrl\":\"https:\/\/krakow.bankizywnosci.pl\/wp-content\/uploads\/2018\/02\/logo_200.png\",\"width\":200,\"height\":50,\"caption\":\"Bank \u017bywno\u015bci w Krakowie\"},\"image\":{\"@id\":\"https:\/\/krakow.bankizywnosci.pl\/#\/schema\/logo\/image\/\"}},{\"@type\":\"Person\",\"@id\":\"https:\/\/krakow.bankizywnosci.pl\/#\/schema\/person\/0818b0f0938592b7e5c4724b008ef748\",\"name\":\"admin\",\"image\":{\"@type\":\"ImageObject\",\"inLanguage\":\"pl-PL\",\"@id\":\"https:\/\/krakow.bankizywnosci.pl\/#\/schema\/person\/image\/\",\"url\":\"https:\/\/secure.gravatar.com\/avatar\/772121152a682808cf701b7093e1edbf?s=96&d=mm&r=g\",\"contentUrl\":\"https:\/\/secure.gravatar.com\/avatar\/772121152a682808cf701b7093e1edbf?s=96&d=mm&r=g\",\"caption\":\"admin\"},\"url\":\"https:\/\/krakow.bankizywnosci.pl\/?author=1\"}]}<\/script>\n<!-- \/ Yoast SEO plugin. -->","yoast_head_json":{"title":"Raport z Krakowskiej Zbi\u00f3rki \u017bywno\u015bci 2025 - Bank \u017bywno\u015bci w Krakowie","robots":{"index":"index","follow":"follow","max-snippet":"max-snippet:-1","max-image-preview":"max-image-preview:large","max-video-preview":"max-video-preview:-1"},"canonical":"https:\/\/krakow.bankizywnosci.pl\/?p=7397","og_locale":"pl_PL","og_type":"article","og_title":"Raport z Krakowskiej Zbi\u00f3rki \u017bywno\u015bci 2025 - Bank \u017bywno\u015bci w Krakowie","og_description":"Pi\u0105ta edycja Krakowskiej Zbi\u00f3rki \u017bywno\u015bci by\u0142a wyj\u0105tkowa zar\u00f3wno pod wzgl\u0119dem skali, jak i poziomu zaanga\u017cowania uczestnik\u00f3w. Przygotowania rozpocz\u0119\u0142y si\u0119 ju\u017c w sierpniu \u2014 obejmowa\u0142y dzia\u0142ania medialne, w kt\u00f3re w\u0142\u0105czy\u0142 si\u0119 Prezydent Miasta Krakowa, opracowanie harmonogramu, aktualizacj\u0119 identyfikacji wizualnej oraz przygotowanie procesu rejestracji dla nowych i powracaj\u0105cych instytucji.","og_url":"https:\/\/krakow.bankizywnosci.pl\/?p=7397","og_site_name":"Bank \u017bywno\u015bci w Krakowie","article_publisher":"https:\/\/www.facebook.com\/bzkrk","article_published_time":"2025-12-11T09:04:30+00:00","article_modified_time":"2026-02-06T20:03:47+00:00","og_image":[{"width":660,"height":371,"url":"https:\/\/krakow.bankizywnosci.pl\/wp-content\/uploads\/2025\/12\/BZ_BANER.webp","type":"image\/webp"}],"author":"admin","twitter_card":"summary_large_image","twitter_misc":{"Napisane przez":"admin","Szacowany czas czytania":"9 minut"},"schema":{"@context":"https:\/\/schema.org","@graph":[{"@type":"Article","@id":"https:\/\/krakow.bankizywnosci.pl\/?p=7397#article","isPartOf":{"@id":"https:\/\/krakow.bankizywnosci.pl\/?p=7397"},"author":{"name":"admin","@id":"https:\/\/krakow.bankizywnosci.pl\/#\/schema\/person\/0818b0f0938592b7e5c4724b008ef748"},"headline":"Raport z Krakowskiej Zbi\u00f3rki \u017bywno\u015bci 2025","datePublished":"2025-12-11T09:04:30+00:00","dateModified":"2026-02-06T20:03:47+00:00","mainEntityOfPage":{"@id":"https:\/\/krakow.bankizywnosci.pl\/?p=7397"},"wordCount":1448,"publisher":{"@id":"https:\/\/krakow.bankizywnosci.pl\/#organization"},"articleSection":["Aktualno\u015bci"],"inLanguage":"pl-PL"},{"@type":"WebPage","@id":"https:\/\/krakow.bankizywnosci.pl\/?p=7397","url":"https:\/\/krakow.bankizywnosci.pl\/?p=7397","name":"Raport z Krakowskiej Zbi\u00f3rki \u017bywno\u015bci 2025 - Bank \u017bywno\u015bci w Krakowie","isPartOf":{"@id":"https:\/\/krakow.bankizywnosci.pl\/#website"},"datePublished":"2025-12-11T09:04:30+00:00","dateModified":"2026-02-06T20:03:47+00:00","breadcrumb":{"@id":"https:\/\/krakow.bankizywnosci.pl\/?p=7397#breadcrumb"},"inLanguage":"pl-PL","potentialAction":[{"@type":"ReadAction","target":["https:\/\/krakow.bankizywnosci.pl\/?p=7397"]}]},{"@type":"BreadcrumbList","@id":"https:\/\/krakow.bankizywnosci.pl\/?p=7397#breadcrumb","itemListElement":[{"@type":"ListItem","position":1,"name":"Strona g\u0142\u00f3wna","item":"https:\/\/krakow.bankizywnosci.pl\/"},{"@type":"ListItem","position":2,"name":"Raport z Krakowskiej Zbi\u00f3rki \u017bywno\u015bci 2025"}]},{"@type":"WebSite","@id":"https:\/\/krakow.bankizywnosci.pl\/#website","url":"https:\/\/krakow.bankizywnosci.pl\/","name":"Bank \u017bywno\u015bci w Krakowie","description":"","publisher":{"@id":"https:\/\/krakow.bankizywnosci.pl\/#organization"},"potentialAction":[{"@type":"SearchAction","target":{"@type":"EntryPoint","urlTemplate":"https:\/\/krakow.bankizywnosci.pl\/?s={search_term_string}"},"query-input":"required name=search_term_string"}],"inLanguage":"pl-PL"},{"@type":"Organization","@id":"https:\/\/krakow.bankizywnosci.pl\/#organization","name":"Bank \u017bywno\u015bci w Krakowie","url":"https:\/\/krakow.bankizywnosci.pl\/","sameAs":["https:\/\/www.linkedin.com\/company\/bank-ywnoci-w-krakowie\/","https:\/\/www.instagram.com\/bankzywnosciwkrakowie\/","https:\/\/www.youtube.com\/@bankzywnosciwkrakowie","https:\/\/www.facebook.com\/bzkrk"],"logo":{"@type":"ImageObject","inLanguage":"pl-PL","@id":"https:\/\/krakow.bankizywnosci.pl\/#\/schema\/logo\/image\/","url":"https:\/\/krakow.bankizywnosci.pl\/wp-content\/uploads\/2018\/02\/logo_200.png","contentUrl":"https:\/\/krakow.bankizywnosci.pl\/wp-content\/uploads\/2018\/02\/logo_200.png","width":200,"height":50,"caption":"Bank \u017bywno\u015bci w Krakowie"},"image":{"@id":"https:\/\/krakow.bankizywnosci.pl\/#\/schema\/logo\/image\/"}},{"@type":"Person","@id":"https:\/\/krakow.bankizywnosci.pl\/#\/schema\/person\/0818b0f0938592b7e5c4724b008ef748","name":"admin","image":{"@type":"ImageObject","inLanguage":"pl-PL","@id":"https:\/\/krakow.bankizywnosci.pl\/#\/schema\/person\/image\/","url":"https:\/\/secure.gravatar.com\/avatar\/772121152a682808cf701b7093e1edbf?s=96&d=mm&r=g","contentUrl":"https:\/\/secure.gravatar.com\/avatar\/772121152a682808cf701b7093e1edbf?s=96&d=mm&r=g","caption":"admin"},"url":"https:\/\/krakow.bankizywnosci.pl\/?author=1"}]}},"_links":{"self":[{"href":"https:\/\/krakow.bankizywnosci.pl\/index.php?rest_route=\/wp\/v2\/posts\/7397"}],"collection":[{"href":"https:\/\/krakow.bankizywnosci.pl\/index.php?rest_route=\/wp\/v2\/posts"}],"about":[{"href":"https:\/\/krakow.bankizywnosci.pl\/index.php?rest_route=\/wp\/v2\/types\/post"}],"author":[{"embeddable":true,"href":"https:\/\/krakow.bankizywnosci.pl\/index.php?rest_route=\/wp\/v2\/users\/1"}],"replies":[{"embeddable":true,"href":"https:\/\/krakow.bankizywnosci.pl\/index.php?rest_route=%2Fwp%2Fv2%2Fcomments&post=7397"}],"version-history":[{"count":9,"href":"https:\/\/krakow.bankizywnosci.pl\/index.php?rest_route=\/wp\/v2\/posts\/7397\/revisions"}],"predecessor-version":[{"id":7535,"href":"https:\/\/krakow.bankizywnosci.pl\/index.php?rest_route=\/wp\/v2\/posts\/7397\/revisions\/7535"}],"wp:featuredmedia":[{"embeddable":true,"href":"https:\/\/krakow.bankizywnosci.pl\/index.php?rest_route=\/wp\/v2\/media\/7402"}],"wp:attachment":[{"href":"https:\/\/krakow.bankizywnosci.pl\/index.php?rest_route=%2Fwp%2Fv2%2Fmedia&parent=7397"}],"wp:term":[{"taxonomy":"category","embeddable":true,"href":"https:\/\/krakow.bankizywnosci.pl\/index.php?rest_route=%2Fwp%2Fv2%2Fcategories&post=7397"},{"taxonomy":"post_tag","embeddable":true,"href":"https:\/\/krakow.bankizywnosci.pl\/index.php?rest_route=%2Fwp%2Fv2%2Ftags&post=7397"}],"curies":[{"name":"wp","href":"https:\/\/api.w.org\/{rel}","templated":true}]}}